{"id":1514,"date":"2021-08-09T19:24:27","date_gmt":"2021-08-09T19:24:27","guid":{"rendered":"https:\/\/bevaraminnen.se\/obh\/?p=1514"},"modified":"2021-08-09T19:29:56","modified_gmt":"2021-08-09T19:29:56","slug":"geometriska-jordebockerna","status":"publish","type":"post","link":"https:\/\/bevaraminnen.se\/obh\/geometriska-jordebockerna\/","title":{"rendered":"Geometriska jordeb\u00f6ckerna"},"content":{"rendered":"<p>De allra \u00e4ldsta kartorna som finns p\u00e5 detaljerad niv\u00e5 f\u00f6r v\u00e5r hembygd \u00e4r de kartor som h\u00f6r till de geometriska jordeb\u00f6ckerna som uppr\u00e4ttades ytterst fl\u00e4ckvis mellan 1688-1694. Blekinges bok \u00e4r inte s\u00e5 tjock och det finns ett register p\u00e5 <a href=\"https:\/\/sok.riksarkivet.se\/bildvisning\/90003024_00006\" target=\"_blank\" rel=\"noopener\">bild 6,<\/a> och h\u00e4r kommer en lista med de byar\/g\u00e5rdar som \u00e4r med fr\u00e5n v\u00e5rt omr\u00e5de.<\/p>\n<p>Kartorna \u00e4r fantastiskt detaljerade av Gedda och texterna inneh\u00e5ller namn p\u00e5 de brukande b\u00f6nderna.<\/p>\n<p><a href=\"https:\/\/sok.riksarkivet.se\/bildvisning\/90003024_00050\" target=\"_blank\" rel=\"noopener\">Titelblad<\/a><\/p>\n<p><strong>J\u00e4mj\u00f6 socken<\/strong><\/p>\n<p><a href=\"https:\/\/sok.riksarkivet.se\/bildvisning\/90003024_00051\" target=\"_blank\" rel=\"noopener\">Duverum<\/a> #16<\/p>\n<p><a href=\"https:\/\/sok.riksarkivet.se\/bildvisning\/90003024_00054\" target=\"_blank\" rel=\"noopener\">Hammarby<\/a> #17<\/p>\n<p><strong>Ramdala socken<\/strong><\/p>\n<p><a href=\"https:\/\/sok.riksarkivet.se\/bildvisning\/90003024_00056\" target=\"_blank\" rel=\"noopener\">Torum<\/a> by #18 &#8211; Tornby<\/p>\n<p><a href=\"https:\/\/sok.riksarkivet.se\/bildvisning\/90003024_00058\" target=\"_blank\" rel=\"noopener\">Rosendahl<\/a> #19<\/p>\n<p><a href=\"https:\/\/sok.riksarkivet.se\/bildvisning\/90003024_00060\" target=\"_blank\" rel=\"noopener\">H\u00e4jetorp<\/a> #20 &#8211; Hejetorp<\/p>\n<p>L\u00e4nkarna g\u00e5r till Riksarkivet. F\u00f6rhoppningsvis \u00e4ndras de inte.<br \/>\nLantm\u00e4teristyrelsen, Geometriska jordeb\u00f6cker, SE\/RA\/420571\/01\/F\/F1a\/113 (1688-1694)<\/p>\n","protected":false},"excerpt":{"rendered":"<div class=\"mh-excerpt\"><p>De allra \u00e4ldsta kartorna som finns p\u00e5 detaljerad niv\u00e5 f\u00f6r v\u00e5r hembygd \u00e4r de kartor som h\u00f6r till de geometriska jordeb\u00f6ckerna som uppr\u00e4ttades ytterst fl\u00e4ckvis mellan 1688-1694. Blekinges bok \u00e4r inte s\u00e5 tjock och det finns ett register p\u00e5 bild <a class=\"mh-excerpt-more\" href=\"https:\/\/bevaraminnen.se\/obh\/geometriska-jordebockerna\/\" title=\"Geometriska jordeb\u00f6ckerna\">[&#8230;]<\/a><\/p>\n<\/div>","protected":false},"author":1,"featured_media":1515,"comment_status":"open","ping_status":"open","sticky":false,"template":"","format":"standard","meta":{"footnotes":""},"categories":[65],"tags":[],"class_list":["post-1514","post","type-post","status-publish","format-standard","has-post-thumbnail","hentry","category-kartor"],"_links":{"self":[{"href":"https:\/\/bevaraminnen.se\/obh\/wp-json\/wp\/v2\/posts\/1514","targetHints":{"allow":["GET"]}}],"collection":[{"href":"https:\/\/bevaraminnen.se\/obh\/wp-json\/wp\/v2\/posts"}],"about":[{"href":"https:\/\/bevaraminnen.se\/obh\/wp-json\/wp\/v2\/types\/post"}],"author":[{"embeddable":true,"href":"https:\/\/bevaraminnen.se\/obh\/wp-json\/wp\/v2\/users\/1"}],"replies":[{"embeddable":true,"href":"https:\/\/bevaraminnen.se\/obh\/wp-json\/wp\/v2\/comments?post=1514"}],"version-history":[{"count":5,"href":"https:\/\/bevaraminnen.se\/obh\/wp-json\/wp\/v2\/posts\/1514\/revisions"}],"predecessor-version":[{"id":1520,"href":"https:\/\/bevaraminnen.se\/obh\/wp-json\/wp\/v2\/posts\/1514\/revisions\/1520"}],"wp:featuredmedia":[{"embeddable":true,"href":"https:\/\/bevaraminnen.se\/obh\/wp-json\/wp\/v2\/media\/1515"}],"wp:attachment":[{"href":"https:\/\/bevaraminnen.se\/obh\/wp-json\/wp\/v2\/media?parent=1514"}],"wp:term":[{"taxonomy":"category","embeddable":true,"href":"https:\/\/bevaraminnen.se\/obh\/wp-json\/wp\/v2\/categories?post=1514"},{"taxonomy":"post_tag","embeddable":true,"href":"https:\/\/bevaraminnen.se\/obh\/wp-json\/wp\/v2\/tags?post=1514"}],"curies":[{"name":"wp","href":"https:\/\/api.w.org\/{rel}","templated":true}]}}