{"id":3048,"date":"2026-02-21T09:20:03","date_gmt":"2026-02-21T09:20:03","guid":{"rendered":"https:\/\/bevaraminnen.se\/obh\/?p=3048"},"modified":"2026-02-21T13:41:13","modified_gmt":"2026-02-21T13:41:13","slug":"osternas-106-vasternas-121-pungsmala-20-250-liljekvist-westerberg","status":"publish","type":"post","link":"https:\/\/bevaraminnen.se\/obh\/osternas-106-vasternas-121-pungsmala-20-250-liljekvist-westerberg\/","title":{"rendered":"\u00d6stern\u00e4s 106 V\u00e4stern\u00e4s 121 Pungsm\u00e5la 20 #250 Liljekvist Westerberg"},"content":{"rendered":"<p><a href=\"https:\/\/bevaraminnen.se\/obh\/senorens-batsman\/\">Senorens b\u00e5tsm\u00e4n<\/a><\/p>\n<p>Ingen f\u00f6re 1730<\/p>\n<p>1731-1733: Per Gunnarsson Liljekvist d.1733<\/p>\n<ul>\n<li>Generalm\u00f6nsterrulla 1735: Vacant wid 1729 \u00e5hrs Generalm\u00f6nstring.<\/li>\n<li>I st\u00e4llet inskrefs den 26 mars 1731 P\u00e4r Gunnarsson Lillieqvist som d\u00f6dde den 1 december 1733.<\/li>\n<\/ul>\n<p>1734-1742: Anders Persson Liljekvist 1715-1742<\/p>\n<ul>\n<li>Generalm\u00f6nsterrulla 1735: Inskrefs den 19 juni 1734 Andes P\u00e4rsson Lillieqwist d\u00e5 19 \u00e5hr gammal. F\u00f6dd i Blekinge. Si\u00f6wan.<\/li>\n<li>M\u00f6nsterrulla 15\/11 1742: Anders Liljequist. D\u00f6d den 12 juni 1742.<\/li>\n<\/ul>\n<p>1743-1744: Nils Liljekvist<\/p>\n<ul>\n<li>(Annan b\u00e5tsman tj\u00e4nstg\u00f6r 1742)<\/li>\n<li>Inm\u00f6nstringsrulla lastdragaren Sv\u00e4rdfisken 1743: Nils Lilljeqvist.<\/li>\n<li>Interimsm\u00f6nsterrulla 1750: Tj\u00e4nsten vakant 1744.<\/li>\n<\/ul>\n<p>1747-1769: Johan Jonsson Liljeqwist Westerberg 1730-1769<\/p>\n<ul>\n<li>Interimsm\u00f6nsterrulla 1750: Vacant wid 1744 \u00e5hrs munstring.<br \/>\nI st\u00e4llet approberad och antagen i Kongl Amiralitets Collegio<br \/>\nden 27 januari 1747 Johan Joensson Lilljeqwist, 17 \u00e5r gammal. F\u00f6dd i Blekinge. Si\u00f6wan.<\/li>\n<li>Generalm\u00f6nsterrulla 1753: Johan Jansson Lilljeqwist. Tillnamnet blir W\u00e4sterberg.<\/li>\n<li>Generalmantalsrulla 1761: Johan Johansson W\u00e4sterberg. Avlagt trohetseden 1753. Befaren.<\/li>\n<li>D\u00f6d i landsorten den 30 september 1769.<\/li>\n<\/ul>\n<p>1773-1808: Olof Olsson Westerberg 1752-1808<\/p>\n<ul>\n<li>Generalmantalsrulla 1761: Olof Olofsson W\u00e4sterberg. Antagen den 28 januari 1773 vid 21 \u00e5rs \u00e5lder. F\u00f6dd p\u00e5 Gotland.<\/li>\n<li>Generalmantalsrulla 1774: Olof Olofsson W\u00e4sterb\u00e4rg. Avlagt trohetseden 1774. Befaren.<\/li>\n<li>BB-G2-0250-1773 &#8211; Torpsyneprotokoll: Senoren nr 121 och Pungsm\u00e5la 20.<br \/>\nRusth\u00e5llare: (121) M\u00e5ns Nilsson, Sven Nilsson, Nils M\u00e5nsson, (20) Jon Ohlsson. B\u00e5tsman Ola O W\u00e4sterberg.<br \/>\nD 11 december 1784. In- och uthusen synes utw\u00e4ndigt passabla utom f\u00e4husd\u00f6rren som \u00e4r odugelig,<br \/>\noch \u00f6stra gaflen b\u00f6r med f\u00f6ljare f\u00f6rses.<\/li>\n<li>Generalmantalsrulla 1803: Olof Olsson Westerberg. D\u00f6d den 12 october 1808.<\/li>\n<\/ul>\n<p>1809-1831: Jonas Johnsson Westerberg 1782-1843<\/p>\n<ul>\n<li>son till Jon Busk, far till Jonas f.1814 nedan<\/li>\n<li>Generalmantalsrulla 1803: Jonas Johnsson Westerberg. Antagen den 22\/2 1809 vid 27 \u00e5rs \u00e5lder. F\u00f6dd i Blekinge.<\/li>\n<li>Generalm\u00f6nsterrulla 1831: Sj\u00f6van. Sjuk p\u00e5 sjukhuset. Avsked f\u00f6r d\u00f6vhet.<\/li>\n<li>Generalmantalsrulla 1829: Jonas Jonsson Westberg. Vacant den 14 october 1831 f\u00f6r d\u00f6fhet.<\/li>\n<\/ul>\n<p>1836-1845: Jonas Jonasson Westerberg 1814-1902<\/p>\n<ul>\n<li>d\u00f6d i V\u00e4stern\u00e4s 118<\/li>\n<\/ul>\n<p>1845-1856: Anders Jonasson Westerberg 1821-1856<\/p>\n<ul>\n<li>barn f\u00f6dda i V\u00e4stern\u00e4s<\/li>\n<\/ul>\n<p><img loading=\"lazy\" decoding=\"async\" class=\"alignright size-full wp-image-3063\" src=\"https:\/\/bevaraminnen.se\/obh\/wp-content\/uploads\/2026\/02\/jonasanderssonwesterberg-mh.jpg\" alt=\"\" width=\"96\" height=\"128\" \/>1857-1897: Jonas Andersson Westerberg 1835-1913<\/p>\n<ul>\n<li>Generalm\u00f6nsterrulla 1891: Tj\u00e4nstbarhetsklass 3. Uppmuntringsklass 2. Anm\u00e4ler att han utf\u00e5tt kobete f\u00f6r sistlidna fem \u00e5ren. Uppdrages \u00e5t Kompanichefen att han anh\u00e4gligg\u00f6r \u00e4rendet hos vederb\u00f6rande Kungl Befallningshavanden.<\/li>\n<li>Generalm\u00f6nsterrulla 1896: Tj\u00e4nstbarhetsklass 3. Uppmuntringsklass 1. Anm\u00e4les till avsked n\u00e4r karlen uppn\u00e5tt 40 tj\u00e4nste\u00e5r.<\/li>\n<li>Kan endast i mindre m\u00e5n medels arbete bidraga till sitt livsuppeh\u00e4lle.<\/li>\n<li>Generalm\u00f6nsterrulla 1901: Avsked den 5\/1 1897. Tj\u00e4nsten vakants\u00e4ttes samma dag.<\/li>\n<li>Personlig b\u00e5tsmansrulla: Jonas Andersson Westerberg. Bl\u00e5 \u00f6gon, brunt h\u00e5r, sk\u00e4ggv\u00e4xt, medelm\u00e5ttig l\u00e4ng, stark kroppsbyggnad. Kanonkommend\u00f6r den 19\/4 1860.<\/li>\n<li>Alla barnen f\u00f6dda i \u00d6stern\u00e4s<\/li>\n<\/ul>\n","protected":false},"excerpt":{"rendered":"<div class=\"mh-excerpt\"><p>Senorens b\u00e5tsm\u00e4n Ingen f\u00f6re 1730 1731-1733: Per Gunnarsson Liljekvist d.1733 Generalm\u00f6nsterrulla 1735: Vacant wid 1729 \u00e5hrs Generalm\u00f6nstring. I st\u00e4llet inskrefs den 26 mars 1731 P\u00e4r Gunnarsson Lillieqvist som d\u00f6dde den 1 december 1733. 1734-1742: Anders Persson Liljekvist 1715-1742 Generalm\u00f6nsterrulla 1735: <a class=\"mh-excerpt-more\" href=\"https:\/\/bevaraminnen.se\/obh\/osternas-106-vasternas-121-pungsmala-20-250-liljekvist-westerberg\/\" title=\"\u00d6stern\u00e4s 106 V\u00e4stern\u00e4s 121 Pungsm\u00e5la 20 #250 Liljekvist Westerberg\">[&#8230;]<\/a><\/p>\n<\/div>","protected":false},"author":1,"featured_media":0,"comment_status":"open","ping_status":"open","sticky":false,"template":"","format":"standard","meta":{"footnotes":""},"categories":[28,23,27],"tags":[],"class_list":["post-3048","post","type-post","status-publish","format-standard","hentry","category-batsmanstorp","category-ramdala-socken","category-senoren"],"_links":{"self":[{"href":"https:\/\/bevaraminnen.se\/obh\/wp-json\/wp\/v2\/posts\/3048","targetHints":{"allow":["GET"]}}],"collection":[{"href":"https:\/\/bevaraminnen.se\/obh\/wp-json\/wp\/v2\/posts"}],"about":[{"href":"https:\/\/bevaraminnen.se\/obh\/wp-json\/wp\/v2\/types\/post"}],"author":[{"embeddable":true,"href":"https:\/\/bevaraminnen.se\/obh\/wp-json\/wp\/v2\/users\/1"}],"replies":[{"embeddable":true,"href":"https:\/\/bevaraminnen.se\/obh\/wp-json\/wp\/v2\/comments?post=3048"}],"version-history":[{"count":6,"href":"https:\/\/bevaraminnen.se\/obh\/wp-json\/wp\/v2\/posts\/3048\/revisions"}],"predecessor-version":[{"id":3070,"href":"https:\/\/bevaraminnen.se\/obh\/wp-json\/wp\/v2\/posts\/3048\/revisions\/3070"}],"wp:attachment":[{"href":"https:\/\/bevaraminnen.se\/obh\/wp-json\/wp\/v2\/media?parent=3048"}],"wp:term":[{"taxonomy":"category","embeddable":true,"href":"https:\/\/bevaraminnen.se\/obh\/wp-json\/wp\/v2\/categories?post=3048"},{"taxonomy":"post_tag","embeddable":true,"href":"https:\/\/bevaraminnen.se\/obh\/wp-json\/wp\/v2\/tags?post=3048"}],"curies":[{"name":"wp","href":"https:\/\/api.w.org\/{rel}","templated":true}]}}