{"id":312,"date":"2019-09-08T18:55:53","date_gmt":"2019-09-08T18:55:53","guid":{"rendered":"http:\/\/bevaraminnen.se\/obh\/?p=312"},"modified":"2026-03-17T19:00:05","modified_gmt":"2026-03-17T19:00:05","slug":"ramdala-22-212-springfelt-dal","status":"publish","type":"post","link":"https:\/\/bevaraminnen.se\/obh\/ramdala-22-212-springfelt-dal\/","title":{"rendered":"Ramdala 22 #212 Springfelt \u2013 Dal"},"content":{"rendered":"<p><a href=\"https:\/\/bevaraminnen.se\/obh\/ramdala-batsmanstorp\/\">Ramdalas b\u00e5tsm\u00e4n<\/a><\/p>\n<p>Enligt skifteshandlingar 1860 bodde b\u00e5tsmannen Dahl p\u00e5 tj\u00e4nstebost\u00e4lle tillh\u00f6rande nummer 24, trots att rusth\u00e5llet s\u00e4gs vara Ramdala 22. B\u00e5tsmanslyckorna l\u00e5g l\u00e4ngs den gamla bygatan i Ramdala.<\/p>\n<p>[1685-1688] Jon Andersson Springfelt<\/p>\n<ul>\n<li>Kommer fr\u00e5n S\u00e4br\u00e5.<\/li>\n<li>Rusth\u00e5llare Lars J\u00f6nsson, Lars Persson och Joen M\u00e5rtensson i Ramdala.<\/li>\n<li>Stuga fattas.<\/li>\n<li>Inskrivningsb\u00f6cker 1688-1697: Anders Andersson Springf\u00e4lt bindes i st\u00e4llet f\u00f6r Jon Andersson Springf\u00e4lt som blef f\u00f6rpassad den 30 october 1688.<\/li>\n<\/ul>\n<p>1689-1690: Anders Andersson Springfelt f.1662<\/p>\n<ul>\n<li>F\u00f6dd i W\u00e4stergi\u00f6tland och Bi\u00f6rlanda socken.<\/li>\n<li>Inskrivningsb\u00f6cker 1688-1697: Jon Ingelsson antagen 22 october 1690 i st\u00e4llet f\u00f6r Anders Springf\u00e4lt som har rymbt.<\/li>\n<\/ul>\n<p>1690-1709: Jon Ingelsson Springfelt f.1672<\/p>\n<p>1716-1735-1742: Lars Jonsson Springfelt 1696-1742<\/p>\n<ul>\n<li>1735: Lars Joensson Springfelt. Br\u00e4cklig i h\u00f6gra kn\u00e4t. F\u00e5r afsked.<\/li>\n<li>Generalm\u00f6nsterrulla 1740: (annan b\u00e5tsman tj\u00e4nstg\u00f6r)<\/li>\n<li>Inm\u00f6nstringsrulla 26\/2 1742: Lars Jonsson Springfeldt. (troligen samme b\u00e5tsman som ovan)<\/li>\n<\/ul>\n<p>1736-1741: M\u00e5ns Nilsson Springfelt f.1716<\/p>\n<p>1745-1763: Samuel Zackrisson Springfelt 1724-1797<\/p>\n<ul>\n<li>1763: Timmerb\u00e5tsman. Har sv\u00e5rt tarmbr\u00e5ck, f\u00e5r avsked.<\/li>\n<li>Barn f\u00f6dda 1750-1777<\/li>\n<\/ul>\n<p>1767-1774: Olof Jonsson Springfeldt f.1729<\/p>\n<ul>\n<li>F\u00f6dd i S\u00f6derm\u00f6re.<\/li>\n<li>Afsked vid Generalm\u00f6nstringen den 27 maj 1774 f\u00f6rmedelst \u00e5lderdom och oduglighet.<\/li>\n<\/ul>\n<p>1775-1795: Anders M\u00e5nsson Springfelt \u2013 Dal 1740-1808, Hetsig feber<\/p>\n<p>1795-1798: M\u00e5ns Andersson Dal 1775-1798<\/p>\n<ul>\n<li>Drunknad vid cutterbriggen Dragons f\u00f6rolyckande den 2 november 1798.<\/li>\n<li>h Botil Olofsdotter f.1770<\/li>\n<\/ul>\n<p>1799-1824: Jonas Pettersson Dahl 1783-1824, slag<\/p>\n<blockquote><p>\u00c5r 1825 den 4 mars inst\u00e4llde sig undertecknad n\u00e4mndeman efter d\u00e4rom gjord anmodan att f\u00f6rr\u00e4tta Bouppteckning efter sj\u00f6korpralen Jonas ? i Ramdala som med d\u00f6den avled den 3 sistlidne november och efter sig l\u00e4mnat f\u00f6ljande arvingar n\u00e4mligen \u00e4nkan Maria Olofsdotter samt 5 stycken dem emellan sammanavlade barn s\u00f6nerna Olaus Jonasson 9 \u00e5r, Jonas Jonasson \u00bc \u00e5r samt d\u00f6ttrarna Cecilia Jonasdotter 15 \u00e5r, Johanna Maria Jonasdotter 14 \u00e5r, Elina Jonasdotter p\u00e5 6 te \u00e5ret gamla. \u00c5 de omyndigas v\u00e4gnar var den avlidnes fader avskedade b\u00e5tsmannen Petter Berggren i Vinberga att de omyndigas r\u00e4tt tillse och bevaka.<\/p><\/blockquote>\n<p>1829-1851: Sven Petersson Dahl 1803-1868<\/p>\n<p>1851-1861: Anders M\u00e5nsson Dal 1831-1895<\/p>\n<ul>\n<li>1861: Avsked f\u00f6r kn\u00e4skada.<\/li>\n<\/ul>\n<p>1861-1871: Peter Johan Gustavsson Dal<\/p>\n<ul>\n<li>D\u00f6md 1867 till 1 \u00e5rs straffarbete f\u00f6r v\u00e5ld.<\/li>\n<li>Flyttar 1880 med familjen fr\u00e5n Ramdala 24 till J\u00e4mj\u00f6 socken (Ramdala AI:24, sid 244)<\/li>\n<li>Rymt den 1\/3 1888<\/li>\n<li>1891: Anna Sofia Johansdotter skild fr\u00e5n Peter Dahl enligt domslut i Lund<\/li>\n<\/ul>\n<p>1871-1874: Jonas Olsson Dal 1847-1921<\/p>\n<ul>\n<li>son till Olaus Ramberg<\/li>\n<li>h Hanna M\u00e5nsdotter 1843-1927 g.1873<\/li>\n<li>s\u00f6nerna Sven och Oskar torpare i Ramdala Mark<\/li>\n<li>Skaffaren.\u00a0Publiceringsdatum 10 december 1890<br \/>\nKARLSKRONA. En olycksh\u00e4ndelse tilldrog sig nyligen i Ramdala, det att en<br \/>\nhos n\u00e4mdemannen Sven Olsson i Tornby tj\u00e4nande dr\u00e4ng Carl Olof Jonasson, son<br \/>\ntill torparen Jonas Olsson Dahl i Ramdala, en morgon fans d\u00f6d i sitt rum till f\u00f6ljd<br \/>\naf kol-os. En annan dr\u00e4ng, som sofvit i samma rum, var illa medtagen, men gick<br \/>\nigenom. De hade aftonen f\u00f6rut skjutit spj\u00e4llet f\u00f6r tidigt i en nyuppsatt kakelugn.<\/li>\n<\/ul>\n<p>1874: Klas August Gustavsson Dal 1852-1921<\/p>\n<ul>\n<li>bror till Peter Johan Dal<\/li>\n<\/ul>\n<p>&nbsp;<\/p>\n<p class=\"p1\">Petter Larssons stugan i Ramdala mark, var en s.k. sp\u00e4rrstuga som inneh\u00f6ll ett rum 15&#215;15 fot i fyrkant samt en liten kammare eller k\u00f6k som var 7,5&#215;7,5 fot. Petter Larsson var f\u00f6dd 1841 och har bott i stugan i \u00f6ver sextio \u00e5r. H\u00e4r har han tillsammans med sin hustru \u201duppf\u00f6tt\u201d sex barn. I sin krafts dagar gjorde han 2dagsverk varje vecka p\u00e5 den 1\/2 mil d\u00e4rifr\u00e5n bel\u00e4gna herreg\u00e5rden, s\u00e5som arrende f\u00f6r jorden och f\u00f6r den stuga han bodde i.<\/p>\n<p class=\"p1\">Ursprungligen var det tv\u00e5 bostadsl\u00e4genheter sammanbyggda. <strong>Den s\u00f6dra l\u00e4genheten revs bort f\u00f6r \u00f6ver 50 \u00e5r sedan. Den tillh\u00f6rde b\u00e5tsmansnamnet Dal.<\/strong> Petter Larsson-stugan tillh\u00f6rde rusth\u00e5llet Sv\u00e5r, t.ex. Anders Sv\u00e5r. Omkring 1870 d\u00e5 Petter Larsson var dagsverkstorpare la de ihop Dalalyckan och Sv\u00e5ralyckan till B\u00e5tsmanslyckor. Dessa s.k. lyckor (mindre jordomr\u00e5de) var omkring 1\/2 tunl. vardera.<\/p>\n<p class=\"p1\">fr\u00e5n B\u00e5tsmansstugor och andra stugor i Ramdala och L\u00f6sens socken<\/p>\n<p class=\"p1\">Anteckningar efter n\u00e4mndeman Sven Hansson i R\u00e4fsm\u00e5la. Upptecknat 1931<\/p>\n","protected":false},"excerpt":{"rendered":"<div class=\"mh-excerpt\"><p>Ramdalas b\u00e5tsm\u00e4n Enligt skifteshandlingar 1860 bodde b\u00e5tsmannen Dahl p\u00e5 tj\u00e4nstebost\u00e4lle tillh\u00f6rande nummer 24, trots att rusth\u00e5llet s\u00e4gs vara Ramdala 22. B\u00e5tsmanslyckorna l\u00e5g l\u00e4ngs den gamla bygatan i Ramdala. [1685-1688] Jon Andersson Springfelt Kommer fr\u00e5n S\u00e4br\u00e5. Rusth\u00e5llare Lars J\u00f6nsson, Lars Persson <a class=\"mh-excerpt-more\" href=\"https:\/\/bevaraminnen.se\/obh\/ramdala-22-212-springfelt-dal\/\" title=\"Ramdala 22 #212 Springfelt \u2013 Dal\">[&#8230;]<\/a><\/p>\n<\/div>","protected":false},"author":1,"featured_media":0,"comment_status":"open","ping_status":"open","sticky":false,"template":"","format":"standard","meta":{"footnotes":""},"categories":[28,24],"tags":[],"class_list":["post-312","post","type-post","status-publish","format-standard","hentry","category-batsmanstorp","category-ramdala"],"_links":{"self":[{"href":"https:\/\/bevaraminnen.se\/obh\/wp-json\/wp\/v2\/posts\/312","targetHints":{"allow":["GET"]}}],"collection":[{"href":"https:\/\/bevaraminnen.se\/obh\/wp-json\/wp\/v2\/posts"}],"about":[{"href":"https:\/\/bevaraminnen.se\/obh\/wp-json\/wp\/v2\/types\/post"}],"author":[{"embeddable":true,"href":"https:\/\/bevaraminnen.se\/obh\/wp-json\/wp\/v2\/users\/1"}],"replies":[{"embeddable":true,"href":"https:\/\/bevaraminnen.se\/obh\/wp-json\/wp\/v2\/comments?post=312"}],"version-history":[{"count":5,"href":"https:\/\/bevaraminnen.se\/obh\/wp-json\/wp\/v2\/posts\/312\/revisions"}],"predecessor-version":[{"id":3125,"href":"https:\/\/bevaraminnen.se\/obh\/wp-json\/wp\/v2\/posts\/312\/revisions\/3125"}],"wp:attachment":[{"href":"https:\/\/bevaraminnen.se\/obh\/wp-json\/wp\/v2\/media?parent=312"}],"wp:term":[{"taxonomy":"category","embeddable":true,"href":"https:\/\/bevaraminnen.se\/obh\/wp-json\/wp\/v2\/categories?post=312"},{"taxonomy":"post_tag","embeddable":true,"href":"https:\/\/bevaraminnen.se\/obh\/wp-json\/wp\/v2\/tags?post=312"}],"curies":[{"name":"wp","href":"https:\/\/api.w.org\/{rel}","templated":true}]}}